{"id":29849,"date":"2023-12-19T17:36:00","date_gmt":"2023-12-19T23:36:00","guid":{"rendered":"https:\/\/peaceandeducation.org\/?p=29849"},"modified":"2023-12-19T20:21:59","modified_gmt":"2023-12-20T02:21:59","slug":"holiday-traditions-in-back-of-the-yards","status":"publish","type":"post","link":"https:\/\/peaceandeducation.org\/es\/holiday-traditions-in-back-of-the-yards\/","title":{"rendered":"Tradiciones navide\u00f1as en Back of the Yards"},"content":{"rendered":"<p><\/p>\n\n\n\n<blockquote class=\"wp-block-quote is-layout-flow wp-block-quote-is-layout-flow\">\n<p><\/p>\n<cite>En la reuni\u00f3n de diciembre de la Coalici\u00f3n por la Paz y la Educaci\u00f3n, Marisela Corona, consejera desde hace mucho tiempo en nuestra escuela primaria local C\u00e9sar Ch\u00e1vez, fue invitada a compartir su impresi\u00f3n de la cultura navide\u00f1a en el barrio de Back of the Yards. \u00a1Agradecemos las reflexiones de Marisela!<\/cite><\/blockquote>\n\n\n\n<p>Es un honor reflexionar sobre la incre\u00edble unidad y calidez que define a nuestra comunidad latina aqu\u00ed en Back of the Yards.&nbsp;<\/p>\n\n\n\n<p>Nuestro barrio no es s\u00f3lo un lugar en un mapa; es un tapiz tejido por los diversos hilos de las culturas, tradiciones y, lo m\u00e1s importante, por los lazos de uni\u00f3n.<\/p>\n\n\n\n<p>Aparte de los deliciosos aromas de las comidas caseras que mis familias de estudiantes comparten conmigo de vez en cuando y que invocan recuerdos de cuando viv\u00eda en mi ciudad natal, Michoac\u00e1n.<\/p>\n\n\n\n<p>La temporada navide\u00f1a es una \u00e9poca en que nuestras calles cobran vida con decoraciones vibrantes como cuando nuestras escuelas se unen para decorar esos incre\u00edbles \u00e1rboles de Navidad que se exhiben en la 47 y Damen.&nbsp;<\/p>\n\n\n\n<p>Las risas y sonrisas de los ni\u00f1os cuando reciben regalos de Back of the Yards Neighborhood Council O de la lista Santa Anthony's Good patrocinada por The Port Ministry.&nbsp;<\/p>\n\n\n\n<p>Las canciones festivas de Las Posadas que celebra la Parroquia de San Oscar Romero que trae oraciones que nos unen.<\/p>\n\n\n\n<p>Pero m\u00e1s all\u00e1 de las luces brillantes y la m\u00fasica festiva, es el esp\u00edritu de unidad lo que realmente nos define.<\/p>\n\n\n\n<p>En nuestra comunidad, las fiestas navide\u00f1as van m\u00e1s all\u00e1 de las celebraciones individuales; es un momento en el que abrimos nuestros corazones y tendremos la mano a nuestros vecinos, tanto si son reci\u00e9n llegados como si llevan aqu\u00ed 50 a\u00f1os. Independientemente de su procedencia o creencias, nos reunimos para compartir la alegr\u00eda, apoyarnos mutuamente y crear un sentimiento de pertenencia para todos.<\/p>\n\n\n\n<p>Abrazamos nuestra diversidad y celebramos nuestra humanidad compartida. Vemos la fuerza de nuestra unidad, el poder de nuestro esp\u00edritu colectivo y la belleza de nuestras diferencias.<\/p>\n\n\n\n<p>Es en los peque\u00f1os actos de bondad, las sonrisas compartidas y los gestos de solidaridad donde nuestra comunidad de Back of the Yards brilla de verdad. Ya sea organizando colectas de alimentos para los necesitados, decorando nuestras calles con luces de colores o simplemente reuni\u00e9ndonos para intercambiar historias y risas, ejemplificamos el verdadero significado de comunidad.<\/p>\n\n\n\n<p>Si hay algo que s\u00e9 es que Back of the Yards brilla. Y este barrio seguir\u00e1 fomentando una comunidad donde la compasi\u00f3n no conoce fronteras, donde la generosidad es abundante y donde la alegr\u00eda de las fiestas es compartida por todos.<\/p>\n\n\n\n<p>Gracias a todos y cada uno de ustedes por ser el coraz\u00f3n y el alma de nuestra maravillosa comunidad de Back of the Yards. Juntos, hacemos que esta temporada -y cada d\u00eda- sea m\u00e1s brillante, c\u00e1lida y hermosa para todos. \u00a1Felices fiestas a todos!&nbsp;<strong>Happy holidays to you all!<\/strong><\/p>\n\n\n\n<p><em>Marisela Corona<\/em><\/p>\n\n\n\n<p><em>School Counselor<\/em><\/p>\n\n\n\n<p><em>Cesar E. Chavez Multicultural Arts Academy<\/em><\/p>\n\n\n\n<figure class=\"wp-block-embed is-type-video is-provider-youtube wp-block-embed-youtube wp-embed-aspect-16-9 wp-has-aspect-ratio\"><div class=\"wp-block-embed__wrapper\">\n<iframe loading=\"lazy\" title=\"PEC\" width=\"500\" height=\"281\" src=\"https:\/\/www.youtube.com\/embed\/5_D9u3Avc7o?feature=oembed\" frameborder=\"0\" allow=\"accelerometer; autoplay; clipboard-write; encrypted-media; gyroscope; picture-in-picture; web-share\" referrerpolicy=\"strict-origin-when-cross-origin\" allowfullscreen><\/iframe>\n<\/div><\/figure>","protected":false},"excerpt":{"rendered":"<p>At the December meeting of the Peace and Education Coalition, Marisela Corona, a long time counselor at our local Cesar Chavez elementary school, was invited to share her impression of the holiday culture in the Back of the Yards neighborhood. We are grateful for the reflections of Marisela! It&#8217;s an honor to reflect on the [&hellip;]<\/p>\n","protected":false},"author":6,"featured_media":29852,"comment_status":"closed","ping_status":"open","sticky":false,"template":"","format":"standard","meta":{"give_campaign_id":0,"_breakdance_hide_in_design_set":false,"_breakdance_tags":"","footnotes":""},"categories":[4],"tags":[],"class_list":["post-29849","post","type-post","status-publish","format-standard","has-post-thumbnail","hentry","category-latest-news"],"_links":{"self":[{"href":"https:\/\/peaceandeducation.org\/es\/wp-json\/wp\/v2\/posts\/29849","targetHints":{"allow":["GET"]}}],"collection":[{"href":"https:\/\/peaceandeducation.org\/es\/wp-json\/wp\/v2\/posts"}],"about":[{"href":"https:\/\/peaceandeducation.org\/es\/wp-json\/wp\/v2\/types\/post"}],"author":[{"embeddable":true,"href":"https:\/\/peaceandeducation.org\/es\/wp-json\/wp\/v2\/users\/6"}],"replies":[{"embeddable":true,"href":"https:\/\/peaceandeducation.org\/es\/wp-json\/wp\/v2\/comments?post=29849"}],"version-history":[{"count":2,"href":"https:\/\/peaceandeducation.org\/es\/wp-json\/wp\/v2\/posts\/29849\/revisions"}],"predecessor-version":[{"id":29899,"href":"https:\/\/peaceandeducation.org\/es\/wp-json\/wp\/v2\/posts\/29849\/revisions\/29899"}],"wp:featuredmedia":[{"embeddable":true,"href":"https:\/\/peaceandeducation.org\/es\/wp-json\/wp\/v2\/media\/29852"}],"wp:attachment":[{"href":"https:\/\/peaceandeducation.org\/es\/wp-json\/wp\/v2\/media?parent=29849"}],"wp:term":[{"taxonomy":"category","embeddable":true,"href":"https:\/\/peaceandeducation.org\/es\/wp-json\/wp\/v2\/categories?post=29849"},{"taxonomy":"post_tag","embeddable":true,"href":"https:\/\/peaceandeducation.org\/es\/wp-json\/wp\/v2\/tags?post=29849"}],"curies":[{"name":"wp","href":"https:\/\/api.w.org\/{rel}","templated":true}]}}